{"id":133,"date":"2010-03-07T01:58:30","date_gmt":"2010-03-07T00:58:30","guid":{"rendered":"http:\/\/barbarahenniger.de.sh2084.evanzo-server.de\/?p=133"},"modified":"2025-03-10T22:19:58","modified_gmt":"2025-03-10T21:19:58","slug":"133","status":"publish","type":"post","link":"https:\/\/barbarahenniger.de\/?p=133","title":{"rendered":"Weibsbilder &#8211; Ausstellung in Potsdam"},"content":{"rendered":"<p style=\"text-align: center;\"><a href=\"http:\/\/barbarahenniger.de.sh2084.evanzo-server.de\/wp-content\/uploads\/2010\/03\/quotenregelung001.jpg\"><img loading=\"lazy\" decoding=\"async\" class=\"size-full wp-image-131 aligncenter\" title=\"quotenregelung001\" src=\"http:\/\/barbarahenniger.de.sh2084.evanzo-server.de\/wp-content\/uploads\/2010\/03\/quotenregelung001.jpg\" alt=\"\" width=\"604\" height=\"294\" srcset=\"https:\/\/barbarahenniger.de\/wp-content\/uploads\/2010\/03\/quotenregelung001.jpg 604w, https:\/\/barbarahenniger.de\/wp-content\/uploads\/2010\/03\/quotenregelung001-300x146.jpg 300w\" sizes=\"auto, (max-width: 604px) 100vw, 604px\" \/><\/a><\/p>\n<p>&#8218;Weibsbilder&#8216; so der Titel der Ausstellung, die am 8. M\u00e4rz im Alten Waisenhaus in Potsdam er\u00f6ffnet wird. Den kann man ganz w\u00f6rtlich nehmen, denn es sind tats\u00e4chlich Bilder von zwei Weibern, die da gezeigt werden: von HOGLI, also Amelie Holtfreter-Glienke und Barbara Henniger, also mir. P\u00fcnktlich zum Internationalen Frauentag und passend zum brandenburgischen Kulturlandjahr, das 2010 den Frauen gewidmet ist, gibt&#8217;s Frauenpower nach\u00a0 Strich und Farben. Allerdings schreiben wir das Motto ein bisschen um. Statt Mut und Anmut eher Wut und Unmut. Die n\u00e4mlich sind treffliche Inspirationen f\u00fcr gezeichnete Satiren. Wir hauen gern und kr\u00e4ftig auf den Putz!<\/p>\n<hr size=\"1\" \/>\n<div><span style=\"font-size: small;\"><br \/>\n<a href=\"http:\/\/barbarahenniger.de.sh2084.evanzo-server.de\/wp-content\/uploads\/2010\/03\/Domina.jpg\"><img loading=\"lazy\" decoding=\"async\" class=\"alignright size-full wp-image-132\" title=\"Domina\" src=\"http:\/\/barbarahenniger.de.sh2084.evanzo-server.de\/wp-content\/uploads\/2010\/03\/Domina.jpg\" alt=\"\" width=\"237\" height=\"287\" srcset=\"https:\/\/barbarahenniger.de\/wp-content\/uploads\/2010\/03\/Domina.jpg 250w, https:\/\/barbarahenniger.de\/wp-content\/uploads\/2010\/03\/Domina-247x300.jpg 247w\" sizes=\"auto, (max-width: 237px) 100vw, 237px\" \/><\/a>WeibsBilder! Karikaturen von Barbara Henniger und HOGLI<\/span><\/div>\n<div><span style=\"font-size: small;\"><span style=\"font-size: small;\">Ausstellung zum Kulturlandjahr Brandenburg 2010<br \/>\nim Alten Milit\u00e4rwaisenhaus<br \/>\nGemeinsame Landesplanung Berlin-Brandenburg<br \/>\nLindenstrasse 34a, 14467 Potsdam<\/span><\/span>Montag &#8211; Freitag von 7 -18 UhrEr\u00f6ffnung am 8. 3. 13 Uhr, Einf\u00fchrung: Herbert Schirmer<\/p>\n<\/div>\n","protected":false},"excerpt":{"rendered":"<p>&#8218;Weibsbilder&#8216; so der Titel der Ausstellung, die am 8. M\u00e4rz im Alten Waisenhaus in Potsdam er\u00f6ffnet wird. Den kann man ganz w\u00f6rtlich nehmen, denn es sind tats\u00e4chlich Bilder von zwei Weibern, die da gezeigt werden: von HOGLI, also Amelie Holtfreter-Glienke und Barbara Henniger, also mir. P\u00fcnktlich zum Internationalen Frauentag und passend zum brandenburgischen Kulturlandjahr, das 2010 den Frauen gewidmet ist, gibt&#8217;s Frauenpower nach\u00a0 Strich und Farben. Allerdings schreiben wir das Motto ein bisschen um. Statt Mut und Anmut eher Wut [&hellip;]<\/p>\n","protected":false},"author":3,"featured_media":0,"comment_status":"closed","ping_status":"closed","sticky":false,"template":"","format":"standard","meta":{"footnotes":""},"categories":[87],"tags":[],"class_list":["post-133","post","type-post","status-publish","format-standard","hentry","category-ankundigungen"],"_links":{"self":[{"href":"https:\/\/barbarahenniger.de\/index.php?rest_route=\/wp\/v2\/posts\/133","targetHints":{"allow":["GET"]}}],"collection":[{"href":"https:\/\/barbarahenniger.de\/index.php?rest_route=\/wp\/v2\/posts"}],"about":[{"href":"https:\/\/barbarahenniger.de\/index.php?rest_route=\/wp\/v2\/types\/post"}],"author":[{"embeddable":true,"href":"https:\/\/barbarahenniger.de\/index.php?rest_route=\/wp\/v2\/users\/3"}],"replies":[{"embeddable":true,"href":"https:\/\/barbarahenniger.de\/index.php?rest_route=%2Fwp%2Fv2%2Fcomments&post=133"}],"version-history":[{"count":66,"href":"https:\/\/barbarahenniger.de\/index.php?rest_route=\/wp\/v2\/posts\/133\/revisions"}],"predecessor-version":[{"id":165,"href":"https:\/\/barbarahenniger.de\/index.php?rest_route=\/wp\/v2\/posts\/133\/revisions\/165"}],"wp:attachment":[{"href":"https:\/\/barbarahenniger.de\/index.php?rest_route=%2Fwp%2Fv2%2Fmedia&parent=133"}],"wp:term":[{"taxonomy":"category","embeddable":true,"href":"https:\/\/barbarahenniger.de\/index.php?rest_route=%2Fwp%2Fv2%2Fcategories&post=133"},{"taxonomy":"post_tag","embeddable":true,"href":"https:\/\/barbarahenniger.de\/index.php?rest_route=%2Fwp%2Fv2%2Ftags&post=133"}],"curies":[{"name":"wp","href":"https:\/\/api.w.org\/{rel}","templated":true}]}}