{"id":232,"date":"2010-11-08T20:46:48","date_gmt":"2010-11-08T19:46:48","guid":{"rendered":"http:\/\/barbarahenniger.de\/?p=232"},"modified":"2025-03-10T22:14:26","modified_gmt":"2025-03-10T21:14:26","slug":"mein-erstes-leben-ein-comic","status":"publish","type":"post","link":"https:\/\/barbarahenniger.de\/?p=232","title":{"rendered":"Mein erstes Leben &#8211; ein Comic"},"content":{"rendered":"<p>Gleich habe ich Geburtstag. Das interessiert nat\u00fcrlich kein Schwein. Aber: Am 9. November 1989 fiel die Mauer. Und ich war dabei. Ich stand mit einer Flasche Sekt an der Bornholmer Br\u00fccke in Berlin und verk\u00fcndete allen, die es nicht h\u00f6ren wollten: &#8222;Ich habe n\u00e4mlich heute Geburtstag!&#8220;, als wenn das Ganze nur zu meinen Ehren inszeniert worden sei. Alle wollten nur weg, nach&#8217;m Westen. Und ich hinterher. Es war der sch\u00f6nste Geburtstag meines Lebens!<\/p>\n<p><a href=\"https:\/\/barbarahenniger.de\/wp-content\/uploads\/2010\/11\/51TVY06TZCL.jpg\"><img loading=\"lazy\" decoding=\"async\" width=\"210\" height=\"300\" src=\"https:\/\/barbarahenniger.de\/wp-content\/uploads\/2010\/11\/51TVY06TZCL-210x300.jpg\" alt=\"\" class=\"alignnone size-medium wp-image-10056\" srcset=\"https:\/\/barbarahenniger.de\/wp-content\/uploads\/2010\/11\/51TVY06TZCL-210x300.jpg 210w, https:\/\/barbarahenniger.de\/wp-content\/uploads\/2010\/11\/51TVY06TZCL.jpg 328w\" sizes=\"auto, (max-width: 210px) 100vw, 210px\" \/><\/a><br \/>\nSp\u00e4ter habe ich \u00fcber diese unglaubliche Nacht einen Comic gezeichnet. Und beim Nachdenken \u00fcber alles, was geschehen ist und wie es dazu kam und was vorher war entstanden in meinem Kopf noch mehr Geschichten. Die wurden ein Buch, das nat\u00fcrlich keiner kennt. Deshalb habe ich beschlossen, die Comicgeschichten \u00fcber mein Leben in der DDR auf meiner Seite zu ver\u00f6ffentlichen. Ich beginne mit der letzten Story, weil&#8217;s so sch\u00f6n zum Datum passt, aber dann geht&#8217;s von vorn, wie im richtigen Leben. Jeden Tag ein St\u00fcckchen davon, so wie ich Zeit finde. Vielleicht macht es den einen oder die andere neugierig. Das Beste w\u00e4re, ihr h\u00e4ttet auch ein bisschen Spass dabei. Los geht&#8217;s!<\/p>\n<p>Ihr findet den Comic in der Rubrik &#8222;Unsere DDR&#8220;. Das Ende ist nicht das Ende, es geht weiter&#8230;<\/p>\n","protected":false},"excerpt":{"rendered":"<p>Gleich habe ich Geburtstag. Das interessiert nat\u00fcrlich kein Schwein. Aber: Am 9. November 1989 fiel die Mauer. Und ich war dabei. Ich stand mit einer Flasche Sekt an der Bornholmer Br\u00fccke in Berlin und verk\u00fcndete allen, die es nicht h\u00f6ren wollten: &#8222;Ich habe n\u00e4mlich heute Geburtstag!&#8220;, als wenn das Ganze nur zu meinen Ehren inszeniert worden sei. Alle wollten nur weg, nach&#8217;m Westen. Und ich hinterher. Es war der sch\u00f6nste Geburtstag meines Lebens! Sp\u00e4ter habe ich \u00fcber diese unglaubliche Nacht [&hellip;]<\/p>\n","protected":false},"author":3,"featured_media":0,"comment_status":"closed","ping_status":"closed","sticky":false,"template":"","format":"standard","meta":{"footnotes":""},"categories":[1],"tags":[],"class_list":["post-232","post","type-post","status-publish","format-standard","hentry","category-allgemein"],"_links":{"self":[{"href":"https:\/\/barbarahenniger.de\/index.php?rest_route=\/wp\/v2\/posts\/232","targetHints":{"allow":["GET"]}}],"collection":[{"href":"https:\/\/barbarahenniger.de\/index.php?rest_route=\/wp\/v2\/posts"}],"about":[{"href":"https:\/\/barbarahenniger.de\/index.php?rest_route=\/wp\/v2\/types\/post"}],"author":[{"embeddable":true,"href":"https:\/\/barbarahenniger.de\/index.php?rest_route=\/wp\/v2\/users\/3"}],"replies":[{"embeddable":true,"href":"https:\/\/barbarahenniger.de\/index.php?rest_route=%2Fwp%2Fv2%2Fcomments&post=232"}],"version-history":[{"count":33,"href":"https:\/\/barbarahenniger.de\/index.php?rest_route=\/wp\/v2\/posts\/232\/revisions"}],"predecessor-version":[{"id":10059,"href":"https:\/\/barbarahenniger.de\/index.php?rest_route=\/wp\/v2\/posts\/232\/revisions\/10059"}],"wp:attachment":[{"href":"https:\/\/barbarahenniger.de\/index.php?rest_route=%2Fwp%2Fv2%2Fmedia&parent=232"}],"wp:term":[{"taxonomy":"category","embeddable":true,"href":"https:\/\/barbarahenniger.de\/index.php?rest_route=%2Fwp%2Fv2%2Fcategories&post=232"},{"taxonomy":"post_tag","embeddable":true,"href":"https:\/\/barbarahenniger.de\/index.php?rest_route=%2Fwp%2Fv2%2Ftags&post=232"}],"curies":[{"name":"wp","href":"https:\/\/api.w.org\/{rel}","templated":true}]}}