{"id":452,"date":"2012-03-08T22:57:05","date_gmt":"2012-03-08T21:57:05","guid":{"rendered":"http:\/\/barbarahenniger.de\/?p=452"},"modified":"2025-03-10T21:56:41","modified_gmt":"2025-03-10T20:56:41","slug":"einladung","status":"publish","type":"post","link":"https:\/\/barbarahenniger.de\/?p=452","title":{"rendered":"Einladung"},"content":{"rendered":"<p><a href=\"http:\/\/barbarahenniger.de\/wp-content\/uploads\/2012\/03\/Web-Einladung.jpg\"><img loading=\"lazy\" decoding=\"async\" class=\"alignleft size-medium wp-image-453\" title=\"Web Einladung\" src=\"http:\/\/barbarahenniger.de\/wp-content\/uploads\/2012\/03\/Web-Einladung-300x283.jpg\" alt=\"\" width=\"300\" height=\"283\" srcset=\"https:\/\/barbarahenniger.de\/wp-content\/uploads\/2012\/03\/Web-Einladung-300x283.jpg 300w, https:\/\/barbarahenniger.de\/wp-content\/uploads\/2012\/03\/Web-Einladung.jpg 500w\" sizes=\"auto, (max-width: 300px) 100vw, 300px\" \/><\/a>Sein oder Nichtsein &#8211; f\u00fcr Bupr\u00e4 Wulff hat sich die Frage erledigt. F\u00fcr ihn ist jetzt nach dem Zapfenstreich und er ist Ex. Mist, denn ich hatte noch ein paar sch\u00f6n gemeine Sachen auf Lager, die kann ich nun wegschmessen. Karikatur soll ja aktuell sein, und Wulff ist von gestern und damit die Frage: Seins oder nicht seins?. Allerdings ist noch einiges satiregeeignetes \u00fcbrig, und die Frage der Fragen kann vieles meinen, denken wir mal an Europa oder an unser sch\u00f6nes Geld, an Mutter Erde ode die FDP. Lauter gefundene Fressen zum Zeichnen. Einiges davon darf ich ab 10. M\u00e4rz im Sommerpalais in Greiz zeigen &#8211; danke! Da k\u00f6nnen alle hinkommen. Matthias Biskupek macht die Einf\u00fchrung, das wird gewiss nicht langweilig. Wer Henniger-Karikaturen nicht mag, kann sich an Oliver R\u00e4umelts Akkordeonmusik erfreuen. 11 Uhr gehts los, am 20. Mai ist Schluss.<\/p>\n","protected":false},"excerpt":{"rendered":"<p>Sein oder Nichtsein &#8211; f\u00fcr Bupr\u00e4 Wulff hat sich die Frage erledigt. F\u00fcr ihn ist jetzt nach dem Zapfenstreich und er ist Ex. Mist, denn ich hatte noch ein paar sch\u00f6n gemeine Sachen auf Lager, die kann ich nun wegschmessen. Karikatur soll ja aktuell sein, und Wulff ist von gestern und damit die Frage: Seins oder nicht seins?. Allerdings ist noch einiges satiregeeignetes \u00fcbrig, und die Frage der Fragen kann vieles meinen, denken wir mal an Europa oder an unser [&hellip;]<\/p>\n","protected":false},"author":3,"featured_media":0,"comment_status":"closed","ping_status":"closed","sticky":false,"template":"","format":"standard","meta":{"footnotes":""},"categories":[1],"tags":[],"class_list":["post-452","post","type-post","status-publish","format-standard","hentry","category-allgemein"],"_links":{"self":[{"href":"https:\/\/barbarahenniger.de\/index.php?rest_route=\/wp\/v2\/posts\/452","targetHints":{"allow":["GET"]}}],"collection":[{"href":"https:\/\/barbarahenniger.de\/index.php?rest_route=\/wp\/v2\/posts"}],"about":[{"href":"https:\/\/barbarahenniger.de\/index.php?rest_route=\/wp\/v2\/types\/post"}],"author":[{"embeddable":true,"href":"https:\/\/barbarahenniger.de\/index.php?rest_route=\/wp\/v2\/users\/3"}],"replies":[{"embeddable":true,"href":"https:\/\/barbarahenniger.de\/index.php?rest_route=%2Fwp%2Fv2%2Fcomments&post=452"}],"version-history":[{"count":5,"href":"https:\/\/barbarahenniger.de\/index.php?rest_route=\/wp\/v2\/posts\/452\/revisions"}],"predecessor-version":[{"id":622,"href":"https:\/\/barbarahenniger.de\/index.php?rest_route=\/wp\/v2\/posts\/452\/revisions\/622"}],"wp:attachment":[{"href":"https:\/\/barbarahenniger.de\/index.php?rest_route=%2Fwp%2Fv2%2Fmedia&parent=452"}],"wp:term":[{"taxonomy":"category","embeddable":true,"href":"https:\/\/barbarahenniger.de\/index.php?rest_route=%2Fwp%2Fv2%2Fcategories&post=452"},{"taxonomy":"post_tag","embeddable":true,"href":"https:\/\/barbarahenniger.de\/index.php?rest_route=%2Fwp%2Fv2%2Ftags&post=452"}],"curies":[{"name":"wp","href":"https:\/\/api.w.org\/{rel}","templated":true}]}}