{"id":547,"date":"2013-09-26T18:04:00","date_gmt":"2013-09-26T17:04:00","guid":{"rendered":"http:\/\/barbarahenniger.de\/?p=547"},"modified":"2025-03-10T21:26:55","modified_gmt":"2025-03-10T20:26:55","slug":"alles-schon-gelacht","status":"publish","type":"post","link":"https:\/\/barbarahenniger.de\/?p=547","title":{"rendered":"Alles schon gelacht!"},"content":{"rendered":"<p><a href=\"https:\/\/barbarahenniger.de\/wp-content\/uploads\/2013\/09\/Web-Stadtplan.jpg\"><img loading=\"lazy\" decoding=\"async\" class=\"alignright size-thumbnail wp-image-550\" title=\"Wegbeschreibung\" src=\"https:\/\/barbarahenniger.de\/wp-content\/uploads\/2013\/09\/Web-Stadtplan-150x150.jpg\" alt=\"\" width=\"150\" height=\"150\" \/><\/a><a href=\"https:\/\/barbarahenniger.de\/wp-content\/uploads\/2013\/09\/Web-Luckau-2013.jpg\"><img loading=\"lazy\" decoding=\"async\" class=\"alignleft size-thumbnail wp-image-551\" title=\"Web Luckau 2013\" src=\"https:\/\/barbarahenniger.de\/wp-content\/uploads\/2013\/09\/Web-Luckau-2013-130x150.jpg\" alt=\"\" width=\"130\" height=\"150\" \/><\/a>Man k\u00f6nnte auch ein Fragezeichen setzen: Alles schon gelacht? Wer sich da nicht ganz sicher ist, sollte nach Luckau kommen und nachschauen, ob es bei mir was zu lachen gibt. Schliesslich versuche ich nun schon seit 54 Jahren, die Leute dazu zu verf\u00fchren, erst im &#8222;S\u00e4chsischen Tageblatt&#8220; dann, ab 1968, im &#8222;Eulenspiegel&#8220;. Ich freue mich \u00fcber jeden Gast und kritischen Geist. Am 28. September punkt 14 Uhr ist Er\u00f6ffnung im Cartoonmuseum Luckau, Nonnengasse 3. Es gibt Akkordeonmusik, eine Laudatio von Martina Schellhorn von der Landeszentrale f\u00fcr politische Bildung Brandenburg, Kuchen und Wein und &#8211; ja, das auch &#8211; Hennigercartoons.<\/p>\n","protected":false},"excerpt":{"rendered":"<p>Man k\u00f6nnte auch ein Fragezeichen setzen: Alles schon gelacht? Wer sich da nicht ganz sicher ist, sollte nach Luckau kommen und nachschauen, ob es bei mir was zu lachen gibt. Schliesslich versuche ich nun schon seit 54 Jahren, die Leute dazu zu verf\u00fchren, erst im &#8222;S\u00e4chsischen Tageblatt&#8220; dann, ab 1968, im &#8222;Eulenspiegel&#8220;. Ich freue mich \u00fcber jeden Gast und kritischen Geist. Am 28. September punkt 14 Uhr ist Er\u00f6ffnung im Cartoonmuseum Luckau, Nonnengasse 3. Es gibt Akkordeonmusik, eine Laudatio von [&hellip;]<\/p>\n","protected":false},"author":3,"featured_media":10023,"comment_status":"closed","ping_status":"closed","sticky":false,"template":"","format":"standard","meta":{"footnotes":""},"categories":[1],"tags":[],"class_list":["post-547","post","type-post","status-publish","format-standard","has-post-thumbnail","hentry","category-allgemein"],"_links":{"self":[{"href":"https:\/\/barbarahenniger.de\/index.php?rest_route=\/wp\/v2\/posts\/547","targetHints":{"allow":["GET"]}}],"collection":[{"href":"https:\/\/barbarahenniger.de\/index.php?rest_route=\/wp\/v2\/posts"}],"about":[{"href":"https:\/\/barbarahenniger.de\/index.php?rest_route=\/wp\/v2\/types\/post"}],"author":[{"embeddable":true,"href":"https:\/\/barbarahenniger.de\/index.php?rest_route=\/wp\/v2\/users\/3"}],"replies":[{"embeddable":true,"href":"https:\/\/barbarahenniger.de\/index.php?rest_route=%2Fwp%2Fv2%2Fcomments&post=547"}],"version-history":[{"count":7,"href":"https:\/\/barbarahenniger.de\/index.php?rest_route=\/wp\/v2\/posts\/547\/revisions"}],"predecessor-version":[{"id":663,"href":"https:\/\/barbarahenniger.de\/index.php?rest_route=\/wp\/v2\/posts\/547\/revisions\/663"}],"wp:featuredmedia":[{"embeddable":true,"href":"https:\/\/barbarahenniger.de\/index.php?rest_route=\/wp\/v2\/media\/10023"}],"wp:attachment":[{"href":"https:\/\/barbarahenniger.de\/index.php?rest_route=%2Fwp%2Fv2%2Fmedia&parent=547"}],"wp:term":[{"taxonomy":"category","embeddable":true,"href":"https:\/\/barbarahenniger.de\/index.php?rest_route=%2Fwp%2Fv2%2Fcategories&post=547"},{"taxonomy":"post_tag","embeddable":true,"href":"https:\/\/barbarahenniger.de\/index.php?rest_route=%2Fwp%2Fv2%2Ftags&post=547"}],"curies":[{"name":"wp","href":"https:\/\/api.w.org\/{rel}","templated":true}]}}