{"id":839,"date":"2020-06-30T15:31:53","date_gmt":"2020-06-30T14:31:53","guid":{"rendered":"https:\/\/barbarahenniger.de\/?p=839"},"modified":"2025-03-10T20:25:02","modified_gmt":"2025-03-10T19:25:02","slug":"__trashed","status":"publish","type":"post","link":"https:\/\/barbarahenniger.de\/?p=839","title":{"rendered":"Hausarrest f\u00fcr Karikaturistin!"},"content":{"rendered":"\r\n<p>Ich habe nun das Alter, bei dem die Leute fragen: Die Henniger &#8211; lebt die eigentlich noch? Ja,<strong> ICH<\/strong> lebe noch! Soweit die gute Nachricht f\u00fcr mich. Die schlechte: Auch <strong>MICH<\/strong> hat Corona erwischt. W\u00e4hrend ich im Hausarrest unter Mundschutz- und Handwaschzwang leide, haben die b\u00f6sen Viren in Berlin-Prenzelberg eine ganze Etage lahm gelegt! Verwaist h\u00e4ngen siebzig Bilder an den W\u00e4nden der <strong>Galerie Anke Zeisler <\/strong>und blicken traurig ins Leere. Die Vernissage fand ohne Publikum statt, kein Sektkorken knallte. Die Leute f\u00fcrchten sich. Was, wenn sie infiziert werden von einem unfrei-willigen Lacher und wom\u00f6glich gute Laune kriegen? Und k\u00f6nnte das gar heiter werden ? Ich rate dringend zur Vorsicht. Schlie\u00dflich handelt es sich um Satire. Liebe Freunde, den achtsamen unter euch empfehle ich; setzt euch aufs Sofa und geht online. Unter<strong> www.galerie-zeisler.de <\/strong>k\u00f6nnt ihr meine Ausstellung gefahrlos besuchen. Unerschrockene, die selber nachsehen wollen, k\u00f6nnen das gern tun &#8211; nach Voranmeldung noch bis 22. Juli unter  <strong>Galerie Anke Zeisler  Gethsemanestra\u00dfe 9  10437 Berlin <\/strong>                         <strong>Telefon: 030 44 793 511.<\/strong><\/p>\r\n\r\n\r\n\r\n<div class=\"wp-block-image\"><figure class=\"alignleft\"><img loading=\"lazy\" decoding=\"async\" width=\"501\" height=\"700\" src=\"https:\/\/barbarahenniger.de\/wp-content\/uploads\/2020\/06\/Galerieblatt.jpg\" alt=\"\" class=\"wp-image-840\" srcset=\"https:\/\/barbarahenniger.de\/wp-content\/uploads\/2020\/06\/Galerieblatt.jpg 501w, https:\/\/barbarahenniger.de\/wp-content\/uploads\/2020\/06\/Galerieblatt-215x300.jpg 215w\" sizes=\"auto, (max-width: 501px) 100vw, 501px\" \/><\/figure><\/div>\r\n\r\n\r\n\r\n<p><\/p>\r\n\r\n\r\n\r\n<p><\/p>\r\n\r\n\r\n\r\n<p><\/p>\r\n\r\n\r\n\r\n<p><\/p>\r\n\r\n\r\n\r\n<p><\/p>\r\n","protected":false},"excerpt":{"rendered":"<p>Ich habe nun das Alter, bei dem die Leute fragen: Die Henniger &#8211; lebt die eigentlich noch? Ja, ICH lebe noch! Soweit die gute Nachricht f\u00fcr mich. Die schlechte: Auch MICH hat Corona erwischt. W\u00e4hrend ich im Hausarrest unter Mundschutz- und Handwaschzwang leide, haben die b\u00f6sen Viren in Berlin-Prenzelberg eine ganze Etage lahm gelegt! Verwaist h\u00e4ngen siebzig Bilder an den W\u00e4nden der Galerie Anke Zeisler und blicken traurig ins Leere. Die Vernissage fand ohne Publikum statt, kein Sektkorken knallte. Die [&hellip;]<\/p>\n","protected":false},"author":3,"featured_media":9996,"comment_status":"closed","ping_status":"closed","sticky":false,"template":"","format":"standard","meta":{"footnotes":""},"categories":[1,87],"tags":[],"class_list":["post-839","post","type-post","status-publish","format-standard","has-post-thumbnail","hentry","category-allgemein","category-ankundigungen"],"_links":{"self":[{"href":"https:\/\/barbarahenniger.de\/index.php?rest_route=\/wp\/v2\/posts\/839","targetHints":{"allow":["GET"]}}],"collection":[{"href":"https:\/\/barbarahenniger.de\/index.php?rest_route=\/wp\/v2\/posts"}],"about":[{"href":"https:\/\/barbarahenniger.de\/index.php?rest_route=\/wp\/v2\/types\/post"}],"author":[{"embeddable":true,"href":"https:\/\/barbarahenniger.de\/index.php?rest_route=\/wp\/v2\/users\/3"}],"replies":[{"embeddable":true,"href":"https:\/\/barbarahenniger.de\/index.php?rest_route=%2Fwp%2Fv2%2Fcomments&post=839"}],"version-history":[{"count":3,"href":"https:\/\/barbarahenniger.de\/index.php?rest_route=\/wp\/v2\/posts\/839\/revisions"}],"predecessor-version":[{"id":9993,"href":"https:\/\/barbarahenniger.de\/index.php?rest_route=\/wp\/v2\/posts\/839\/revisions\/9993"}],"wp:featuredmedia":[{"embeddable":true,"href":"https:\/\/barbarahenniger.de\/index.php?rest_route=\/wp\/v2\/media\/9996"}],"wp:attachment":[{"href":"https:\/\/barbarahenniger.de\/index.php?rest_route=%2Fwp%2Fv2%2Fmedia&parent=839"}],"wp:term":[{"taxonomy":"category","embeddable":true,"href":"https:\/\/barbarahenniger.de\/index.php?rest_route=%2Fwp%2Fv2%2Fcategories&post=839"},{"taxonomy":"post_tag","embeddable":true,"href":"https:\/\/barbarahenniger.de\/index.php?rest_route=%2Fwp%2Fv2%2Ftags&post=839"}],"curies":[{"name":"wp","href":"https:\/\/api.w.org\/{rel}","templated":true}]}}